{"id":1285,"date":"2026-04-28T11:47:23","date_gmt":"2026-04-28T09:47:23","guid":{"rendered":"https:\/\/paoloperuzzi.it\/blog\/?p=1285"},"modified":"2026-04-28T11:47:24","modified_gmt":"2026-04-28T09:47:24","slug":"plecak-dla-cyfrowego-nomady-mobilne-biuro-na-plecach","status":"publish","type":"post","link":"https:\/\/paoloperuzzi.it\/blog\/plecak-dla-cyfrowego-nomady-mobilne-biuro-na-plecach.html","title":{"rendered":"Plecak dla Cyfrowego Nomady &#8211; mobilne biuro na plecach"},"content":{"rendered":"\n<p>Poranek. Kawa jeszcze parzy w d\u0142onie, telefon pokazuje pierwsze maile, a Ty zamiast klasycznego biurka wybierasz coworking z widokiem na miasto, poci\u0105g do kolejnego spotkania albo ulubion\u0105 kawiarni\u0119 za rogiem. Witaj w rzeczywisto\u015bci cyfrowego nomady &#8211; cz\u0142owieka, kt\u00f3rego biuro mie\u015bci si\u0119 wsz\u0119dzie tam, gdzie jest Wi-Fi i dobry plan.<\/p>\n\n\n\n<p>Tylko jest jeden haczyk: kiedy Twoje \u201emobilne centrum dowodzenia\u201d mie\u015bci laptop, dokumenty, powerbank, s\u0142uchawki, notatnik i ca\u0142\u0105 codzienn\u0105 logistyk\u0119, potrzebujesz czego\u015b wi\u0119cej ni\u017c zwyk\u0142ej <a href=\"https:\/\/paoloperuzzi.it\/on\/torby-meskie\/72-torby-na-laptopa\">torby<\/a>. Potrzebujesz sprzymierze\u0144ca. Potrzebujesz plecaka, kt\u00f3ry nie tylko wygl\u0105da dobrze, ale realnie chroni Twoje biuro na plecach.<\/p>\n\n\n\n<!--more-->\n\n\n\n<h3 class=\"wp-block-heading\">Biuro w ruchu, czyli dlaczego zwyk\u0142y plecak to za ma\u0142o?<\/h3>\n\n\n\n<p>Cyfrowy nomada nie pakuje przypadkowo. Ka\u017cda kiesze\u0144 ma znaczenie. Ka\u017cda przegroda to bezpiecze\u0144stwo. Dobry <a href=\"https:\/\/paoloperuzzi.it\/on\/80-plecaki-meskie\">plecak m\u0119ski<\/a> staje si\u0119 dzi\u015b czym\u015b wi\u0119cej ni\u017c dodatkiem &#8211; to mobilne centrum organizacji.<\/p>\n\n\n\n<p>Wyobra\u017a sobie sytuacj\u0119: wpadasz mi\u0119dzy spotkaniami do tramwaju, potem szybki spacer przez centrum, a za chwil\u0119 prezentacja dla klienta. Tw\u00f3j laptop? Bezpieczny. Dokumenty? Na swoim miejscu. \u0141adowarka? Nie owija si\u0119 wok\u00f3\u0142 d\u0142ugopisu jak kabel od s\u0142uchawek w 2012 roku. W\u0142a\u015bnie dlatego nowoczesny plecak m\u0119ski do pracy powinien by\u0107 zaprojektowany z my\u015bl\u0105 o rytmie codzienno\u015bci.<\/p>\n\n\n<div class=\"wp-block-image\">\n<figure class=\"aligncenter size-full\"><img loading=\"lazy\" decoding=\"async\" width=\"878\" height=\"878\" src=\"https:\/\/paoloperuzzi.it\/blog\/wp-content\/uploads\/2026\/02\/Plecak-skorzany-miejski-do-pracy-premium-na-laptopa-koniakowy-Paolo-Peruzzi-AY-31-CG.jpg\" alt=\"\" class=\"wp-image-1231\" srcset=\"https:\/\/paoloperuzzi.it\/blog\/wp-content\/uploads\/2026\/02\/Plecak-skorzany-miejski-do-pracy-premium-na-laptopa-koniakowy-Paolo-Peruzzi-AY-31-CG.jpg 878w, https:\/\/paoloperuzzi.it\/blog\/wp-content\/uploads\/2026\/02\/Plecak-skorzany-miejski-do-pracy-premium-na-laptopa-koniakowy-Paolo-Peruzzi-AY-31-CG-300x300.jpg 300w, https:\/\/paoloperuzzi.it\/blog\/wp-content\/uploads\/2026\/02\/Plecak-skorzany-miejski-do-pracy-premium-na-laptopa-koniakowy-Paolo-Peruzzi-AY-31-CG-150x150.jpg 150w, https:\/\/paoloperuzzi.it\/blog\/wp-content\/uploads\/2026\/02\/Plecak-skorzany-miejski-do-pracy-premium-na-laptopa-koniakowy-Paolo-Peruzzi-AY-31-CG-768x768.jpg 768w\" sizes=\"auto, (max-width: 878px) 100vw, 878px\" \/><figcaption class=\"wp-element-caption\"><a href=\"https:\/\/paoloperuzzi.it\/on\/plecaki-meskie\/5044-plecak-skorzany-miejski-do-pracy-premium-na-laptopa-2-w-1-koniakowy-unisex-ay-31-cg-5905567220203.html\">Plecak sk\u00f3rzany miejski do pracy premium na laptopa koniakowy unisex AY-31-CG<\/a><\/figcaption><\/figure>\n<\/div>\n\n\n<h3 class=\"wp-block-heading\">Bezpiecze\u0144stwo laptopa: Tw\u00f3j sprz\u0119t zas\u0142uguje na VIP treatment<\/h3>\n\n\n\n<p>Laptop to dzi\u015b cz\u0119sto nasze g\u0142\u00f3wne narz\u0119dzie pracy, a czasem wr\u0119cz ca\u0142y biznes. Dlatego <a href=\"https:\/\/paoloperuzzi.it\/on\/plecaki-meskie\/203-na-laptopa\">plecak m\u0119ski na laptopa<\/a> musi oferowa\u0107 co\u015b wi\u0119cej ni\u017c tylko \u201emiejsce\u201d.<\/p>\n\n\n\n<p>Liczy si\u0119 mi\u0119kka, amortyzowana przegroda, kt\u00f3ra chroni sprz\u0119t przed przypadkowymi uderzeniami. Wa\u017cna jest stabilizacja podczas ruchu, dzi\u0119ki kt\u00f3rej laptop nie przemieszcza si\u0119 przy ka\u017cdym kroku. R\u00f3wnie istotne pozostaje oddzielenie elektroniki od pozosta\u0142ych przedmiot\u00f3w, aby klucze czy \u0142adowarka nie sta\u0142y si\u0119 zagro\u017ceniem dla delikatnej obudowy. Do tego szybki dost\u0119p, kt\u00f3ry pozwala sprawnie wyj\u0105\u0107 komputer podczas kontroli, spotkania czy pracy w biegu.<\/p>\n\n\n\n<p>Dobrze zaprojektowany plecak meski z przegrod\u0105 na laptopa pozwala nie tylko zabezpieczy\u0107 sprz\u0119t, ale te\u017c oszcz\u0119dza Tw\u00f3j czas i nerwy, bo nic nie psuje poranka bardziej ni\u017c szukanie pendrive\u2019a mi\u0119dzy kluczami a paragonami.<\/p>\n\n\n<div class=\"wp-block-image\">\n<figure class=\"aligncenter size-full\"><img loading=\"lazy\" decoding=\"async\" width=\"878\" height=\"878\" src=\"https:\/\/paoloperuzzi.it\/blog\/wp-content\/uploads\/2025\/12\/Plecak-roll-top-skorzany-vintage-na-laptopa-miejski-czarny-Paolo-Peruzzi-SL-02-BL.jpg\" alt=\"\" class=\"wp-image-794\" srcset=\"https:\/\/paoloperuzzi.it\/blog\/wp-content\/uploads\/2025\/12\/Plecak-roll-top-skorzany-vintage-na-laptopa-miejski-czarny-Paolo-Peruzzi-SL-02-BL.jpg 878w, https:\/\/paoloperuzzi.it\/blog\/wp-content\/uploads\/2025\/12\/Plecak-roll-top-skorzany-vintage-na-laptopa-miejski-czarny-Paolo-Peruzzi-SL-02-BL-300x300.jpg 300w, https:\/\/paoloperuzzi.it\/blog\/wp-content\/uploads\/2025\/12\/Plecak-roll-top-skorzany-vintage-na-laptopa-miejski-czarny-Paolo-Peruzzi-SL-02-BL-150x150.jpg 150w, https:\/\/paoloperuzzi.it\/blog\/wp-content\/uploads\/2025\/12\/Plecak-roll-top-skorzany-vintage-na-laptopa-miejski-czarny-Paolo-Peruzzi-SL-02-BL-768x768.jpg 768w\" sizes=\"auto, (max-width: 878px) 100vw, 878px\" \/><figcaption class=\"wp-element-caption\"><a href=\"https:\/\/paoloperuzzi.it\/on\/plecaki-meskie\/na-laptopa\/4937-plecak-roll-top-skorzany-vintage-na-laptopa-miejski-czarny-paolo-peruzzi-sl-02-bl-5905567219528.html\">Plecak roll top sk\u00f3rzany vintage na laptopa miejski czarny Paolo Peruzzi SL-02-BL<\/a><\/figcaption><\/figure>\n<\/div>\n\n\n<h3 class=\"wp-block-heading\">Organizacja level master: kieszenie, przegr\u00f3dki i sprytne rozwi\u0105zania<\/h3>\n\n\n\n<p>Nowoczesny nomada nie dzia\u0142a chaotycznie. Potrzebuje systemu. Dlatego plecak m\u0119ski z kieszeniami oraz plecak z przegr\u00f3dkami m\u0119ski to wyb\u00f3r, kt\u00f3ry szybko docenisz.<\/p>\n\n\n\n<p>Kiedy masz osobne miejsce na laptop, tablet, dokumenty, telefon, <a href=\"https:\/\/paoloperuzzi.it\/on\/39-portfele-meskie\">portfel<\/a>, butelk\u0119 z wod\u0105 czy wszystkie technologiczne drobiazgi, codzienno\u015b\u0107 nagle staje si\u0119 prostsza. Nie chodzi wy\u0142\u0105cznie o porz\u0105dek, ale o komfort dzia\u0142ania. Wszystko jest tam, gdzie powinno by\u0107, a Ty nie tracisz energii na przekopywanie wn\u0119trza plecaka w poszukiwaniu kabla czy notatnika. Brzmi niepozornie, ale w\u0142a\u015bnie takie detale sprawiaj\u0105, \u017ce dzie\u0144 dzia\u0142a p\u0142ynniej. A Ty wygl\u0105dasz jak cz\u0142owiek, kt\u00f3ry ma \u017cycie pod kontrol\u0105 &#8211; nawet je\u015bli o 8:15 wyla\u0142e\u015b kaw\u0119 na koszul\u0119.<\/p>\n\n\n<div class=\"wp-block-image\">\n<figure class=\"aligncenter size-full\"><img loading=\"lazy\" decoding=\"async\" width=\"878\" height=\"878\" src=\"https:\/\/paoloperuzzi.it\/blog\/wp-content\/uploads\/2026\/04\/Plecak-meski-na-laptopa-mieszczacy-format-A4-brazowy-duzy-retro-T-93-BR.jpg\" alt=\"\" class=\"wp-image-1286\" srcset=\"https:\/\/paoloperuzzi.it\/blog\/wp-content\/uploads\/2026\/04\/Plecak-meski-na-laptopa-mieszczacy-format-A4-brazowy-duzy-retro-T-93-BR.jpg 878w, https:\/\/paoloperuzzi.it\/blog\/wp-content\/uploads\/2026\/04\/Plecak-meski-na-laptopa-mieszczacy-format-A4-brazowy-duzy-retro-T-93-BR-300x300.jpg 300w, https:\/\/paoloperuzzi.it\/blog\/wp-content\/uploads\/2026\/04\/Plecak-meski-na-laptopa-mieszczacy-format-A4-brazowy-duzy-retro-T-93-BR-150x150.jpg 150w, https:\/\/paoloperuzzi.it\/blog\/wp-content\/uploads\/2026\/04\/Plecak-meski-na-laptopa-mieszczacy-format-A4-brazowy-duzy-retro-T-93-BR-768x768.jpg 768w\" sizes=\"auto, (max-width: 878px) 100vw, 878px\" \/><figcaption class=\"wp-element-caption\"><a href=\"https:\/\/paoloperuzzi.it\/on\/plecaki-meskie\/na-laptopa\/3641-plecak-meski-na-laptopa-mieszczacy-format-a4-brazowy-paolo-peruzzi-t-93-br-5905567205927.html\">Plecak m\u0119ski na laptopa mieszcz\u0105cy format A4 br\u0105zowy du\u017cy retro T-93-BR<\/a><\/figcaption><\/figure>\n<\/div>\n\n\n<h3 class=\"wp-block-heading\">Styl, kt\u00f3ry pracuje razem z Tob\u0105<\/h3>\n\n\n\n<p>Funkcjonalno\u015b\u0107 to jedno, ale nie oszukujmy si\u0119 &#8211; wygl\u0105d te\u017c ma znaczenie. Zw\u0142aszcza je\u015bli plecak towarzyszy Ci od porannego meetingu po wieczorne wyj\u015bcie. <a href=\"https:\/\/paoloperuzzi.it\/on\/plecaki-meskie\/83-skorzane\">Plecak m\u0119ski sk\u00f3rzany<\/a> to opcja dla tych, kt\u00f3rzy ceni\u0105 ponadczasow\u0105 elegancj\u0119 i praktyczno\u015b\u0107. Minimalistyczny design, trwa\u0142o\u015b\u0107 i charakter sprawiaj\u0105, \u017ce sprawdzi si\u0119 zar\u00f3wno w biurze, jak i podczas podr\u00f3\u017cy.<\/p>\n\n\n\n<p>Szczeg\u00f3lnie uniwersalny jest plecak m\u0119ski czarny &#8211; klasyczny, profesjonalny i pasuj\u0105cy praktycznie do wszystkiego. Garnitur? Casual? Jeansy i T-shirt? Dzia\u0142a zawsze. Je\u015bli szukasz rozwi\u0105zania premium, plecak m\u0119ski ze sk\u00f3ry lub plecak na laptopa m\u0119ski sk\u00f3rzany mo\u017ce by\u0107 dok\u0142adnie tym, czego potrzebujesz.<\/p>\n\n\n<div class=\"wp-block-image\">\n<figure class=\"aligncenter size-full\"><img loading=\"lazy\" decoding=\"async\" width=\"878\" height=\"878\" src=\"https:\/\/paoloperuzzi.it\/blog\/wp-content\/uploads\/2026\/04\/Plecak-meski-skorzany-vintage-na-laptopa-miejski-czarny-do-biura-na-uczelnie-IM-07-BL.jpg\" alt=\"\" class=\"wp-image-1287\" srcset=\"https:\/\/paoloperuzzi.it\/blog\/wp-content\/uploads\/2026\/04\/Plecak-meski-skorzany-vintage-na-laptopa-miejski-czarny-do-biura-na-uczelnie-IM-07-BL.jpg 878w, https:\/\/paoloperuzzi.it\/blog\/wp-content\/uploads\/2026\/04\/Plecak-meski-skorzany-vintage-na-laptopa-miejski-czarny-do-biura-na-uczelnie-IM-07-BL-300x300.jpg 300w, https:\/\/paoloperuzzi.it\/blog\/wp-content\/uploads\/2026\/04\/Plecak-meski-skorzany-vintage-na-laptopa-miejski-czarny-do-biura-na-uczelnie-IM-07-BL-150x150.jpg 150w, https:\/\/paoloperuzzi.it\/blog\/wp-content\/uploads\/2026\/04\/Plecak-meski-skorzany-vintage-na-laptopa-miejski-czarny-do-biura-na-uczelnie-IM-07-BL-768x768.jpg 768w\" sizes=\"auto, (max-width: 878px) 100vw, 878px\" \/><figcaption class=\"wp-element-caption\"><a href=\"https:\/\/paoloperuzzi.it\/on\/plecaki-meskie\/na-laptopa\/4957-plecak-meski-skorzany-vintage-na-laptopa-miejski-czarny-do-biura-na-uczelnie-im-07-bl-5905567215612.html\">Plecak m\u0119ski sk\u00f3rzany vintage na laptopa miejski czarny do biura na uczelnie IM-07-BL<\/a><\/figcaption><\/figure>\n<\/div>\n\n\n<h3 class=\"wp-block-heading\">Miasto, uczelnia, biznes &#8211; jeden plecak, wiele scenariuszy<\/h3>\n\n\n\n<p>Dobry plecak nie ko\u0144czy si\u0119 na pracy. To towarzysz codzienno\u015bci, kt\u00f3ry odnajduje si\u0119 w wielu rolach. Jako plecak m\u0119ski miejski sprawdza si\u0119 podczas intensywnego dnia w centrum. Jako plecak meski na co dzie\u0144 wspiera Ci\u0119 w zwyk\u0142ych, ale dynamicznych momentach. Dla student\u00f3w staje si\u0119 praktycznym wyborem jako plecak m\u0119ski na studia, a dla profesjonalist\u00f3w doskonale funkcjonuje jako plecak na laptopa m\u0119ski biznesowy.<\/p>\n\n\n\n<p>Coraz wi\u0119ksz\u0105 popularno\u015b\u0107 zdobywa tak\u017ce plecak z klap\u0105 m\u0119ski, kt\u00f3ry \u0142\u0105czy funkcjonalno\u015b\u0107 z bardziej lifestyle\u2019owym charakterem. To opcja dla tych, kt\u00f3rzy chc\u0105 wygl\u0105da\u0107 stylowo, nie rezygnuj\u0105c z praktycznych rozwi\u0105za\u0144.<\/p>\n\n\n<div class=\"wp-block-image\">\n<figure class=\"aligncenter size-full\"><img loading=\"lazy\" decoding=\"async\" width=\"878\" height=\"878\" src=\"https:\/\/paoloperuzzi.it\/blog\/wp-content\/uploads\/2026\/04\/copy-of-plecak-meski-podrozny-do-pracy-duzy-paolo-peruzzi-si-02-br.jpg\" alt=\"\" class=\"wp-image-1288\" srcset=\"https:\/\/paoloperuzzi.it\/blog\/wp-content\/uploads\/2026\/04\/copy-of-plecak-meski-podrozny-do-pracy-duzy-paolo-peruzzi-si-02-br.jpg 878w, https:\/\/paoloperuzzi.it\/blog\/wp-content\/uploads\/2026\/04\/copy-of-plecak-meski-podrozny-do-pracy-duzy-paolo-peruzzi-si-02-br-300x300.jpg 300w, https:\/\/paoloperuzzi.it\/blog\/wp-content\/uploads\/2026\/04\/copy-of-plecak-meski-podrozny-do-pracy-duzy-paolo-peruzzi-si-02-br-150x150.jpg 150w, https:\/\/paoloperuzzi.it\/blog\/wp-content\/uploads\/2026\/04\/copy-of-plecak-meski-podrozny-do-pracy-duzy-paolo-peruzzi-si-02-br-768x768.jpg 768w\" sizes=\"auto, (max-width: 878px) 100vw, 878px\" \/><figcaption class=\"wp-element-caption\"><a href=\"https:\/\/paoloperuzzi.it\/on\/plecaki-meskie\/vintage\/3787-copy-of-plecak-meski-podrozny-do-pracy-duzy-paolo-peruzzi-si-02-br-5905567205316.html\">Plecak m\u0119ski podr\u00f3\u017cny sk\u00f3rzany na laptopa br\u0105zowy vintage plecak do pracy SI-02-BR<\/a><\/figcaption><\/figure>\n<\/div>\n\n\n<h3 class=\"wp-block-heading\">Twoje biuro zas\u0142uguje na dobr\u0105 ochron\u0119<\/h3>\n\n\n\n<p>Cyfrowy nomadyzm to wolno\u015b\u0107. Ale prawdziwa wolno\u015b\u0107 zaczyna si\u0119 wtedy, gdy mo\u017cesz porusza\u0107 si\u0119 bez stresu o sw\u00f3j sprz\u0119t, dokumenty i codzienny porz\u0105dek. Dlatego dobrze dobrany plecak m\u0119ski do pracy to inwestycja nie tylko w wygod\u0119, ale te\u017c w bezpiecze\u0144stwo, organizacj\u0119 i styl.<\/p>\n\n\n\n<p>Niezale\u017cnie od tego, czy wybierzesz plecak m\u0119ski sk\u00f3rzany, plecak meski z przegrod\u0105 na laptopa, czy bardziej casualowy plecak m\u0119ski miejski &#8211; pami\u0119taj, \u017ce najlepszy model to taki, kt\u00f3ry ka\u017cdego dnia niesie Tw\u00f3j \u015bwiat dok\u0142adnie tak, jak tego potrzebujesz.<\/p>\n\n\n\n<p>Bo dzi\u015b biuro nie stoi w jednym miejscu. Czasem\u2026 po prostu masz je na plecach.<\/p>\n","protected":false},"excerpt":{"rendered":"<p>Poranek. Kawa jeszcze parzy w d\u0142onie, telefon pokazuje pierwsze maile, a Ty zamiast klasycznego biurka wybierasz coworking z widokiem na miasto, poci\u0105g do kolejnego spotkania albo ulubion\u0105 kawiarni\u0119 za rogiem. Witaj w rzeczywisto\u015bci cyfrowego nomady &#8211; cz\u0142owieka, kt\u00f3rego biuro mie\u015bci si\u0119 wsz\u0119dzie tam, gdzie jest Wi-Fi i dobry plan. Tylko jest jeden haczyk: kiedy Twoje [&hellip;]<\/p>\n","protected":false},"author":2,"featured_media":1289,"comment_status":"open","ping_status":"open","sticky":false,"template":"","format":"standard","meta":{"footnotes":""},"categories":[486,488],"tags":[48,441,265,296,614,615,306,616,451],"class_list":["post-1285","post","type-post","status-publish","format-standard","has-post-thumbnail","hentry","category-moda-meska","category-plecaki-meskie","tag-galanteria-skorzana","tag-moda-meska","tag-plecak-meski","tag-plecak-meski-do-pracy","tag-plecak-meski-na-laptopa","tag-plecak-meski-na-studia","tag-plecak-meski-skorzany","tag-plecak-meski-z-miejscem-na-laptopa","tag-plecak-meski-ze-skory"],"yoast_head":"<!-- This site is optimized with the Yoast SEO plugin v26.7 - https:\/\/yoast.com\/wordpress\/plugins\/seo\/ -->\n<title>Plecak dla Cyfrowego Nomady - mobilne biuro na plecach - Blog PaoloPeruzzi.it<\/title>\n<meta name=\"description\" content=\"Poranek. Kawa jeszcze parzy w d\u0142onie, telefon pokazuje pierwsze maile, a Ty zamiast klasycznego biurka wybierasz coworking z widokiem na miasto, poci\u0105g do kolejnego spotkania albo ulubion\u0105 kawiarni\u0119 za rogiem. Witaj w rzeczywisto\u015bci cyfrowego nomady - cz\u0142owieka, kt\u00f3rego biuro mie\u015bci si\u0119 wsz\u0119dzie tam, gdzie jest Wi-Fi i dobry plan.Tylko jest jeden haczyk: kiedy Twoje \u201emobilne centrum dowodzenia\u201d mie\u015bci laptop, dokumenty, powerbank, s\u0142uchawki, notatnik i ca\u0142\u0105 codzienn\u0105 logistyk\u0119, potrzebujesz czego\u015b wi\u0119cej ni\u017c zwyk\u0142ej torby. Potrzebujesz sprzymierze\u0144ca. Potrzebujesz plecaka, kt\u00f3ry nie tylko wygl\u0105da dobrze, ale realnie chroni Twoje biuro na plecach.\" \/>\n<meta name=\"robots\" content=\"index, follow, max-snippet:-1, max-image-preview:large, max-video-preview:-1\" \/>\n<link rel=\"canonical\" href=\"https:\/\/paoloperuzzi.it\/blog\/plecak-dla-cyfrowego-nomady-mobilne-biuro-na-plecach.html\" \/>\n<meta property=\"og:locale\" content=\"pl_PL\" \/>\n<meta property=\"og:type\" content=\"article\" \/>\n<meta property=\"og:title\" content=\"Plecak dla Cyfrowego Nomady - mobilne biuro na plecach - Blog PaoloPeruzzi.it\" \/>\n<meta property=\"og:description\" content=\"Poranek. Kawa jeszcze parzy w d\u0142onie, telefon pokazuje pierwsze maile, a Ty zamiast klasycznego biurka wybierasz coworking z widokiem na miasto, poci\u0105g do kolejnego spotkania albo ulubion\u0105 kawiarni\u0119 za rogiem. Witaj w rzeczywisto\u015bci cyfrowego nomady - cz\u0142owieka, kt\u00f3rego biuro mie\u015bci si\u0119 wsz\u0119dzie tam, gdzie jest Wi-Fi i dobry plan.Tylko jest jeden haczyk: kiedy Twoje \u201emobilne centrum dowodzenia\u201d mie\u015bci laptop, dokumenty, powerbank, s\u0142uchawki, notatnik i ca\u0142\u0105 codzienn\u0105 logistyk\u0119, potrzebujesz czego\u015b wi\u0119cej ni\u017c zwyk\u0142ej torby. Potrzebujesz sprzymierze\u0144ca. Potrzebujesz plecaka, kt\u00f3ry nie tylko wygl\u0105da dobrze, ale realnie chroni Twoje biuro na plecach.\" \/>\n<meta property=\"og:url\" content=\"https:\/\/paoloperuzzi.it\/blog\/plecak-dla-cyfrowego-nomady-mobilne-biuro-na-plecach.html\" \/>\n<meta property=\"og:site_name\" content=\"Blog PaoloPeruzzi.it\" \/>\n<meta property=\"article:publisher\" content=\"https:\/\/www.facebook.com\/paoloperuzzishop\" \/>\n<meta property=\"article:published_time\" content=\"2026-04-28T09:47:23+00:00\" \/>\n<meta property=\"article:modified_time\" content=\"2026-04-28T09:47:24+00:00\" \/>\n<meta property=\"og:image\" content=\"https:\/\/paoloperuzzi.it\/blog\/wp-content\/uploads\/2026\/04\/BLOG-PP-1.jpg\" \/>\n\t<meta property=\"og:image:width\" content=\"1800\" \/>\n\t<meta property=\"og:image:height\" content=\"1200\" \/>\n\t<meta property=\"og:image:type\" content=\"image\/jpeg\" \/>\n<meta name=\"author\" content=\"Milena\" \/>\n<meta name=\"twitter:card\" content=\"summary_large_image\" \/>\n<meta name=\"twitter:label1\" content=\"Napisane przez\" \/>\n\t<meta name=\"twitter:data1\" content=\"Milena\" \/>\n\t<meta name=\"twitter:label2\" content=\"Szacowany czas czytania\" \/>\n\t<meta name=\"twitter:data2\" content=\"6 minut\" \/>\n<script type=\"application\/ld+json\" class=\"yoast-schema-graph\">{\"@context\":\"https:\/\/schema.org\",\"@graph\":[{\"@type\":\"Article\",\"@id\":\"https:\/\/paoloperuzzi.it\/blog\/plecak-dla-cyfrowego-nomady-mobilne-biuro-na-plecach.html#article\",\"isPartOf\":{\"@id\":\"https:\/\/paoloperuzzi.it\/blog\/plecak-dla-cyfrowego-nomady-mobilne-biuro-na-plecach.html\"},\"author\":{\"name\":\"Milena\",\"@id\":\"https:\/\/paoloperuzzi.it\/blog\/#\/schema\/person\/03c63ed1eece9d068487903983beecf0\"},\"headline\":\"Plecak dla Cyfrowego Nomady &#8211; mobilne biuro na plecach\",\"datePublished\":\"2026-04-28T09:47:23+00:00\",\"dateModified\":\"2026-04-28T09:47:24+00:00\",\"mainEntityOfPage\":{\"@id\":\"https:\/\/paoloperuzzi.it\/blog\/plecak-dla-cyfrowego-nomady-mobilne-biuro-na-plecach.html\"},\"wordCount\":940,\"commentCount\":0,\"image\":{\"@id\":\"https:\/\/paoloperuzzi.it\/blog\/plecak-dla-cyfrowego-nomady-mobilne-biuro-na-plecach.html#primaryimage\"},\"thumbnailUrl\":\"https:\/\/paoloperuzzi.it\/blog\/wp-content\/uploads\/2026\/04\/BLOG-PP-1.jpg\",\"keywords\":[\"galanteria sk\u00f3rzana\",\"moda m\u0119ska\",\"plecak m\u0119ski\",\"plecak m\u0119ski do pracy\",\"plecak m\u0119ski na laptopa\",\"plecak m\u0119ski na studia\",\"plecak m\u0119ski sk\u00f3rzany\",\"plecak meski z miejscem na laptopa\",\"plecak m\u0119ski ze sk\u00f3ry\"],\"articleSection\":[\"Moda m\u0119ska\",\"Plecaki m\u0119skie\"],\"inLanguage\":\"pl-PL\",\"potentialAction\":[{\"@type\":\"CommentAction\",\"name\":\"Comment\",\"target\":[\"https:\/\/paoloperuzzi.it\/blog\/plecak-dla-cyfrowego-nomady-mobilne-biuro-na-plecach.html#respond\"]}]},{\"@type\":\"WebPage\",\"@id\":\"https:\/\/paoloperuzzi.it\/blog\/plecak-dla-cyfrowego-nomady-mobilne-biuro-na-plecach.html\",\"url\":\"https:\/\/paoloperuzzi.it\/blog\/plecak-dla-cyfrowego-nomady-mobilne-biuro-na-plecach.html\",\"name\":\"Plecak dla Cyfrowego Nomady - mobilne biuro na plecach - Blog PaoloPeruzzi.it\",\"isPartOf\":{\"@id\":\"https:\/\/paoloperuzzi.it\/blog\/#website\"},\"primaryImageOfPage\":{\"@id\":\"https:\/\/paoloperuzzi.it\/blog\/plecak-dla-cyfrowego-nomady-mobilne-biuro-na-plecach.html#primaryimage\"},\"image\":{\"@id\":\"https:\/\/paoloperuzzi.it\/blog\/plecak-dla-cyfrowego-nomady-mobilne-biuro-na-plecach.html#primaryimage\"},\"thumbnailUrl\":\"https:\/\/paoloperuzzi.it\/blog\/wp-content\/uploads\/2026\/04\/BLOG-PP-1.jpg\",\"datePublished\":\"2026-04-28T09:47:23+00:00\",\"dateModified\":\"2026-04-28T09:47:24+00:00\",\"author\":{\"@id\":\"https:\/\/paoloperuzzi.it\/blog\/#\/schema\/person\/03c63ed1eece9d068487903983beecf0\"},\"description\":\"Poranek. Kawa jeszcze parzy w d\u0142onie, telefon pokazuje pierwsze maile, a Ty zamiast klasycznego biurka wybierasz coworking z widokiem na miasto, poci\u0105g do kolejnego spotkania albo ulubion\u0105 kawiarni\u0119 za rogiem. Witaj w rzeczywisto\u015bci cyfrowego nomady - cz\u0142owieka, kt\u00f3rego biuro mie\u015bci si\u0119 wsz\u0119dzie tam, gdzie jest Wi-Fi i dobry plan.Tylko jest jeden haczyk: kiedy Twoje \u201emobilne centrum dowodzenia\u201d mie\u015bci laptop, dokumenty, powerbank, s\u0142uchawki, notatnik i ca\u0142\u0105 codzienn\u0105 logistyk\u0119, potrzebujesz czego\u015b wi\u0119cej ni\u017c zwyk\u0142ej torby. Potrzebujesz sprzymierze\u0144ca. Potrzebujesz plecaka, kt\u00f3ry nie tylko wygl\u0105da dobrze, ale realnie chroni Twoje biuro na plecach.\",\"breadcrumb\":{\"@id\":\"https:\/\/paoloperuzzi.it\/blog\/plecak-dla-cyfrowego-nomady-mobilne-biuro-na-plecach.html#breadcrumb\"},\"inLanguage\":\"pl-PL\",\"potentialAction\":[{\"@type\":\"ReadAction\",\"target\":[\"https:\/\/paoloperuzzi.it\/blog\/plecak-dla-cyfrowego-nomady-mobilne-biuro-na-plecach.html\"]}]},{\"@type\":\"ImageObject\",\"inLanguage\":\"pl-PL\",\"@id\":\"https:\/\/paoloperuzzi.it\/blog\/plecak-dla-cyfrowego-nomady-mobilne-biuro-na-plecach.html#primaryimage\",\"url\":\"https:\/\/paoloperuzzi.it\/blog\/wp-content\/uploads\/2026\/04\/BLOG-PP-1.jpg\",\"contentUrl\":\"https:\/\/paoloperuzzi.it\/blog\/wp-content\/uploads\/2026\/04\/BLOG-PP-1.jpg\",\"width\":1800,\"height\":1200},{\"@type\":\"BreadcrumbList\",\"@id\":\"https:\/\/paoloperuzzi.it\/blog\/plecak-dla-cyfrowego-nomady-mobilne-biuro-na-plecach.html#breadcrumb\",\"itemListElement\":[{\"@type\":\"ListItem\",\"position\":1,\"name\":\"Strona g\u0142\u00f3wna\",\"item\":\"https:\/\/paoloperuzzi.it\/blog\"},{\"@type\":\"ListItem\",\"position\":2,\"name\":\"Plecak dla Cyfrowego Nomady &#8211; mobilne biuro na plecach\"}]},{\"@type\":\"WebSite\",\"@id\":\"https:\/\/paoloperuzzi.it\/blog\/#website\",\"url\":\"https:\/\/paoloperuzzi.it\/blog\/\",\"name\":\"Blog PaoloPeruzzi.it\",\"description\":\"\",\"potentialAction\":[{\"@type\":\"SearchAction\",\"target\":{\"@type\":\"EntryPoint\",\"urlTemplate\":\"https:\/\/paoloperuzzi.it\/blog\/?s={search_term_string}\"},\"query-input\":{\"@type\":\"PropertyValueSpecification\",\"valueRequired\":true,\"valueName\":\"search_term_string\"}}],\"inLanguage\":\"pl-PL\"},{\"@type\":\"Person\",\"@id\":\"https:\/\/paoloperuzzi.it\/blog\/#\/schema\/person\/03c63ed1eece9d068487903983beecf0\",\"name\":\"Milena\",\"image\":{\"@type\":\"ImageObject\",\"inLanguage\":\"pl-PL\",\"@id\":\"https:\/\/paoloperuzzi.it\/blog\/#\/schema\/person\/image\/\",\"url\":\"https:\/\/paoloperuzzi.it\/blog\/wp-content\/litespeed\/avatar\/8c733c012bbfabc34e6b8fbea81df64c.jpg?ver=1777062855\",\"contentUrl\":\"https:\/\/paoloperuzzi.it\/blog\/wp-content\/litespeed\/avatar\/8c733c012bbfabc34e6b8fbea81df64c.jpg?ver=1777062855\",\"caption\":\"Milena\"},\"url\":\"https:\/\/paoloperuzzi.it\/blog\/author\/milena-kraft\"}]}<\/script>\n<!-- \/ Yoast SEO plugin. -->","yoast_head_json":{"title":"Plecak dla Cyfrowego Nomady - mobilne biuro na plecach - Blog PaoloPeruzzi.it","description":"Poranek. Kawa jeszcze parzy w d\u0142onie, telefon pokazuje pierwsze maile, a Ty zamiast klasycznego biurka wybierasz coworking z widokiem na miasto, poci\u0105g do kolejnego spotkania albo ulubion\u0105 kawiarni\u0119 za rogiem. Witaj w rzeczywisto\u015bci cyfrowego nomady - cz\u0142owieka, kt\u00f3rego biuro mie\u015bci si\u0119 wsz\u0119dzie tam, gdzie jest Wi-Fi i dobry plan.Tylko jest jeden haczyk: kiedy Twoje \u201emobilne centrum dowodzenia\u201d mie\u015bci laptop, dokumenty, powerbank, s\u0142uchawki, notatnik i ca\u0142\u0105 codzienn\u0105 logistyk\u0119, potrzebujesz czego\u015b wi\u0119cej ni\u017c zwyk\u0142ej torby. Potrzebujesz sprzymierze\u0144ca. Potrzebujesz plecaka, kt\u00f3ry nie tylko wygl\u0105da dobrze, ale realnie chroni Twoje biuro na plecach.","robots":{"index":"index","follow":"follow","max-snippet":"max-snippet:-1","max-image-preview":"max-image-preview:large","max-video-preview":"max-video-preview:-1"},"canonical":"https:\/\/paoloperuzzi.it\/blog\/plecak-dla-cyfrowego-nomady-mobilne-biuro-na-plecach.html","og_locale":"pl_PL","og_type":"article","og_title":"Plecak dla Cyfrowego Nomady - mobilne biuro na plecach - Blog PaoloPeruzzi.it","og_description":"Poranek. Kawa jeszcze parzy w d\u0142onie, telefon pokazuje pierwsze maile, a Ty zamiast klasycznego biurka wybierasz coworking z widokiem na miasto, poci\u0105g do kolejnego spotkania albo ulubion\u0105 kawiarni\u0119 za rogiem. Witaj w rzeczywisto\u015bci cyfrowego nomady - cz\u0142owieka, kt\u00f3rego biuro mie\u015bci si\u0119 wsz\u0119dzie tam, gdzie jest Wi-Fi i dobry plan.Tylko jest jeden haczyk: kiedy Twoje \u201emobilne centrum dowodzenia\u201d mie\u015bci laptop, dokumenty, powerbank, s\u0142uchawki, notatnik i ca\u0142\u0105 codzienn\u0105 logistyk\u0119, potrzebujesz czego\u015b wi\u0119cej ni\u017c zwyk\u0142ej torby. Potrzebujesz sprzymierze\u0144ca. Potrzebujesz plecaka, kt\u00f3ry nie tylko wygl\u0105da dobrze, ale realnie chroni Twoje biuro na plecach.","og_url":"https:\/\/paoloperuzzi.it\/blog\/plecak-dla-cyfrowego-nomady-mobilne-biuro-na-plecach.html","og_site_name":"Blog PaoloPeruzzi.it","article_publisher":"https:\/\/www.facebook.com\/paoloperuzzishop","article_published_time":"2026-04-28T09:47:23+00:00","article_modified_time":"2026-04-28T09:47:24+00:00","og_image":[{"width":1800,"height":1200,"url":"https:\/\/paoloperuzzi.it\/blog\/wp-content\/uploads\/2026\/04\/BLOG-PP-1.jpg","type":"image\/jpeg"}],"author":"Milena","twitter_card":"summary_large_image","twitter_misc":{"Napisane przez":"Milena","Szacowany czas czytania":"6 minut"},"schema":{"@context":"https:\/\/schema.org","@graph":[{"@type":"Article","@id":"https:\/\/paoloperuzzi.it\/blog\/plecak-dla-cyfrowego-nomady-mobilne-biuro-na-plecach.html#article","isPartOf":{"@id":"https:\/\/paoloperuzzi.it\/blog\/plecak-dla-cyfrowego-nomady-mobilne-biuro-na-plecach.html"},"author":{"name":"Milena","@id":"https:\/\/paoloperuzzi.it\/blog\/#\/schema\/person\/03c63ed1eece9d068487903983beecf0"},"headline":"Plecak dla Cyfrowego Nomady &#8211; mobilne biuro na plecach","datePublished":"2026-04-28T09:47:23+00:00","dateModified":"2026-04-28T09:47:24+00:00","mainEntityOfPage":{"@id":"https:\/\/paoloperuzzi.it\/blog\/plecak-dla-cyfrowego-nomady-mobilne-biuro-na-plecach.html"},"wordCount":940,"commentCount":0,"image":{"@id":"https:\/\/paoloperuzzi.it\/blog\/plecak-dla-cyfrowego-nomady-mobilne-biuro-na-plecach.html#primaryimage"},"thumbnailUrl":"https:\/\/paoloperuzzi.it\/blog\/wp-content\/uploads\/2026\/04\/BLOG-PP-1.jpg","keywords":["galanteria sk\u00f3rzana","moda m\u0119ska","plecak m\u0119ski","plecak m\u0119ski do pracy","plecak m\u0119ski na laptopa","plecak m\u0119ski na studia","plecak m\u0119ski sk\u00f3rzany","plecak meski z miejscem na laptopa","plecak m\u0119ski ze sk\u00f3ry"],"articleSection":["Moda m\u0119ska","Plecaki m\u0119skie"],"inLanguage":"pl-PL","potentialAction":[{"@type":"CommentAction","name":"Comment","target":["https:\/\/paoloperuzzi.it\/blog\/plecak-dla-cyfrowego-nomady-mobilne-biuro-na-plecach.html#respond"]}]},{"@type":"WebPage","@id":"https:\/\/paoloperuzzi.it\/blog\/plecak-dla-cyfrowego-nomady-mobilne-biuro-na-plecach.html","url":"https:\/\/paoloperuzzi.it\/blog\/plecak-dla-cyfrowego-nomady-mobilne-biuro-na-plecach.html","name":"Plecak dla Cyfrowego Nomady - mobilne biuro na plecach - Blog PaoloPeruzzi.it","isPartOf":{"@id":"https:\/\/paoloperuzzi.it\/blog\/#website"},"primaryImageOfPage":{"@id":"https:\/\/paoloperuzzi.it\/blog\/plecak-dla-cyfrowego-nomady-mobilne-biuro-na-plecach.html#primaryimage"},"image":{"@id":"https:\/\/paoloperuzzi.it\/blog\/plecak-dla-cyfrowego-nomady-mobilne-biuro-na-plecach.html#primaryimage"},"thumbnailUrl":"https:\/\/paoloperuzzi.it\/blog\/wp-content\/uploads\/2026\/04\/BLOG-PP-1.jpg","datePublished":"2026-04-28T09:47:23+00:00","dateModified":"2026-04-28T09:47:24+00:00","author":{"@id":"https:\/\/paoloperuzzi.it\/blog\/#\/schema\/person\/03c63ed1eece9d068487903983beecf0"},"description":"Poranek. Kawa jeszcze parzy w d\u0142onie, telefon pokazuje pierwsze maile, a Ty zamiast klasycznego biurka wybierasz coworking z widokiem na miasto, poci\u0105g do kolejnego spotkania albo ulubion\u0105 kawiarni\u0119 za rogiem. Witaj w rzeczywisto\u015bci cyfrowego nomady - cz\u0142owieka, kt\u00f3rego biuro mie\u015bci si\u0119 wsz\u0119dzie tam, gdzie jest Wi-Fi i dobry plan.Tylko jest jeden haczyk: kiedy Twoje \u201emobilne centrum dowodzenia\u201d mie\u015bci laptop, dokumenty, powerbank, s\u0142uchawki, notatnik i ca\u0142\u0105 codzienn\u0105 logistyk\u0119, potrzebujesz czego\u015b wi\u0119cej ni\u017c zwyk\u0142ej torby. Potrzebujesz sprzymierze\u0144ca. Potrzebujesz plecaka, kt\u00f3ry nie tylko wygl\u0105da dobrze, ale realnie chroni Twoje biuro na plecach.","breadcrumb":{"@id":"https:\/\/paoloperuzzi.it\/blog\/plecak-dla-cyfrowego-nomady-mobilne-biuro-na-plecach.html#breadcrumb"},"inLanguage":"pl-PL","potentialAction":[{"@type":"ReadAction","target":["https:\/\/paoloperuzzi.it\/blog\/plecak-dla-cyfrowego-nomady-mobilne-biuro-na-plecach.html"]}]},{"@type":"ImageObject","inLanguage":"pl-PL","@id":"https:\/\/paoloperuzzi.it\/blog\/plecak-dla-cyfrowego-nomady-mobilne-biuro-na-plecach.html#primaryimage","url":"https:\/\/paoloperuzzi.it\/blog\/wp-content\/uploads\/2026\/04\/BLOG-PP-1.jpg","contentUrl":"https:\/\/paoloperuzzi.it\/blog\/wp-content\/uploads\/2026\/04\/BLOG-PP-1.jpg","width":1800,"height":1200},{"@type":"BreadcrumbList","@id":"https:\/\/paoloperuzzi.it\/blog\/plecak-dla-cyfrowego-nomady-mobilne-biuro-na-plecach.html#breadcrumb","itemListElement":[{"@type":"ListItem","position":1,"name":"Strona g\u0142\u00f3wna","item":"https:\/\/paoloperuzzi.it\/blog"},{"@type":"ListItem","position":2,"name":"Plecak dla Cyfrowego Nomady &#8211; mobilne biuro na plecach"}]},{"@type":"WebSite","@id":"https:\/\/paoloperuzzi.it\/blog\/#website","url":"https:\/\/paoloperuzzi.it\/blog\/","name":"Blog PaoloPeruzzi.it","description":"","potentialAction":[{"@type":"SearchAction","target":{"@type":"EntryPoint","urlTemplate":"https:\/\/paoloperuzzi.it\/blog\/?s={search_term_string}"},"query-input":{"@type":"PropertyValueSpecification","valueRequired":true,"valueName":"search_term_string"}}],"inLanguage":"pl-PL"},{"@type":"Person","@id":"https:\/\/paoloperuzzi.it\/blog\/#\/schema\/person\/03c63ed1eece9d068487903983beecf0","name":"Milena","image":{"@type":"ImageObject","inLanguage":"pl-PL","@id":"https:\/\/paoloperuzzi.it\/blog\/#\/schema\/person\/image\/","url":"https:\/\/paoloperuzzi.it\/blog\/wp-content\/litespeed\/avatar\/8c733c012bbfabc34e6b8fbea81df64c.jpg?ver=1777062855","contentUrl":"https:\/\/paoloperuzzi.it\/blog\/wp-content\/litespeed\/avatar\/8c733c012bbfabc34e6b8fbea81df64c.jpg?ver=1777062855","caption":"Milena"},"url":"https:\/\/paoloperuzzi.it\/blog\/author\/milena-kraft"}]}},"_links":{"self":[{"href":"https:\/\/paoloperuzzi.it\/blog\/wp-json\/wp\/v2\/posts\/1285","targetHints":{"allow":["GET"]}}],"collection":[{"href":"https:\/\/paoloperuzzi.it\/blog\/wp-json\/wp\/v2\/posts"}],"about":[{"href":"https:\/\/paoloperuzzi.it\/blog\/wp-json\/wp\/v2\/types\/post"}],"author":[{"embeddable":true,"href":"https:\/\/paoloperuzzi.it\/blog\/wp-json\/wp\/v2\/users\/2"}],"replies":[{"embeddable":true,"href":"https:\/\/paoloperuzzi.it\/blog\/wp-json\/wp\/v2\/comments?post=1285"}],"version-history":[{"count":1,"href":"https:\/\/paoloperuzzi.it\/blog\/wp-json\/wp\/v2\/posts\/1285\/revisions"}],"predecessor-version":[{"id":1290,"href":"https:\/\/paoloperuzzi.it\/blog\/wp-json\/wp\/v2\/posts\/1285\/revisions\/1290"}],"wp:featuredmedia":[{"embeddable":true,"href":"https:\/\/paoloperuzzi.it\/blog\/wp-json\/wp\/v2\/media\/1289"}],"wp:attachment":[{"href":"https:\/\/paoloperuzzi.it\/blog\/wp-json\/wp\/v2\/media?parent=1285"}],"wp:term":[{"taxonomy":"category","embeddable":true,"href":"https:\/\/paoloperuzzi.it\/blog\/wp-json\/wp\/v2\/categories?post=1285"},{"taxonomy":"post_tag","embeddable":true,"href":"https:\/\/paoloperuzzi.it\/blog\/wp-json\/wp\/v2\/tags?post=1285"}],"curies":[{"name":"wp","href":"https:\/\/api.w.org\/{rel}","templated":true}]}}