{"id":1280,"date":"2026-04-27T16:18:32","date_gmt":"2026-04-27T14:18:32","guid":{"rendered":"https:\/\/paoloperuzzi.it\/blog\/?p=1280"},"modified":"2026-04-27T16:18:33","modified_gmt":"2026-04-27T14:18:33","slug":"pasek-jako-przycisk-mute-na-twoje-kompleksy-jak-scisnac-talie-by-poczuc-sie-pewniej","status":"publish","type":"post","link":"https:\/\/paoloperuzzi.it\/blog\/pasek-jako-przycisk-mute-na-twoje-kompleksy-jak-scisnac-talie-by-poczuc-sie-pewniej.html","title":{"rendered":"Pasek jako przycisk \u201eMute\u201d na Twoje kompleksy: Jak \u015bcisn\u0105\u0107 tali\u0119, by poczu\u0107 si\u0119 pewniej?"},"content":{"rendered":"\n<p>Czy kiedykolwiek zastanawia\u0142a\u015b si\u0119, dlaczego superbohaterowie zawsze maj\u0105 wyra\u017anie zaznaczon\u0105 tali\u0119? Batman, Wonder Woman czy Superman nie nosz\u0105 pas\u00f3w wy\u0142\u0105cznie po to, by podtrzyma\u0107 ekwipunek. Pasek to w ich przypadku symbol gotowo\u015bci, si\u0142y i trzymania wszystkiego w ryzach. W psychologii ubioru to, co zak\u0142adamy, bezpo\u015brednio ma wp\u0142ywa na nasze procesy poznawcze i spos\u00f3b, w jaki postrzegamy w\u0142asne mo\u017cliwo\u015bci.<\/p>\n\n\n\n<p>Dzi\u015b przyjrzymy si\u0119 akcesorium, kt\u00f3re cz\u0119sto traktujemy po macoszemu. Czas odczarowa\u0107 <a href=\"https:\/\/paoloperuzzi.it\/ona\/78-paski-damskie\">pasek damski<\/a> i sprawdzi\u0107, jak ten niewielki kawa\u0142ek sk\u00f3ry mo\u017ce sta\u0107 si\u0119 Twoim osobistym przyciskiem \u201ewycisz\u201d na natr\u0119tne kompleksy.<\/p>\n\n\n\n<!--more-->\n\n\n\n<h3 class=\"wp-block-heading\">Architektura pewno\u015bci siebie: Dlaczego talia ma znaczenie?<\/h3>\n\n\n\n<p>Zanim przejdziemy do konkretnych stylizacji, porozmawiajmy o biologii i psychologii. Nasz m\u00f3zg jest zaprogramowany na odczytywanie sylwetki w u\u0142amku sekundy. Podkre\u015blona talia wysy\u0142a sygna\u0142 o witalno\u015bci i proporcjach, ale to nie wszystko. Kiedy zapinasz pasek damski z klamr\u0105, fizycznie czujesz op\u00f3r materia\u0142u. To delikatne \u201e\u015bci\u015bni\u0119cie\u201d dzia\u0142a jak kotwica \u2013 przypomina Twojemu cia\u0142u o jego \u015brodku ci\u0119\u017cko\u015bci.<\/p>\n\n\n\n<p>W psychologii postawy cia\u0142a m\u00f3wi si\u0119 o tzw. \u201epower posing\u201d. Kiedy prostujemy kr\u0119gos\u0142up i zaznaczamy tali\u0119, automatycznie wypychamy klatk\u0119 piersiow\u0105 do przodu. W takim uk\u0142adzie trudniej jest si\u0119 garbi\u0107. A osoba, kt\u00f3ra si\u0119 nie garbi, to osoba, kt\u00f3ra nie boi si\u0119 \u015bwiata.<\/p>\n\n\n\n<h3 class=\"wp-block-heading\">Czarny pasek w walce o profesjonalizm<\/h3>\n\n\n\n<p>Je\u015bli Twoim kompleksem jest brak autorytetu w pracy lub poczucie, \u017ce giniesz w t\u0142umie, Twoim sprzymierze\u0144cem jest klasyka. Pasek do spodni damski czarny to fundament garderoby kapsu\u0142owej.<\/p>\n\n\n\n<p><strong>Jak go nosi\u0107, by budowa\u0107 pewno\u015b\u0107 siebie?<\/strong><\/p>\n\n\n\n<ul class=\"wp-block-list\">\n<li><strong>Do biurowych cygaretek:<\/strong> Wybierz <a href=\"https:\/\/paoloperuzzi.it\/ona\/78-paski-damskie?q=Kolor-Czarny\">pasek damski czarny<\/a> wykonany z g\u0142adkiej sk\u00f3ry licowej. Szeroko\u015b\u0107 oko\u0142o 2-3 cm jest idealna. To subtelny sygna\u0142: \u201ePanuj\u0119 nad szczeg\u00f3\u0142ami\u201d.<\/li>\n\n\n\n<li><strong>Do oversize&#8217;owej marynarki:<\/strong> Tu dzieje si\u0119 magia. Lu\u017ana marynarka mo\u017ce sprawi\u0107, \u017ce poczujesz si\u0119 przyt\u0142oczona. Przewi\u0105\u017c j\u0105 w talii, a pasek damski sk\u00f3rzany nada konstrukcji ramy. Zamiast \u201eukrywa\u0107 si\u0119\u201d w ubraniu, zaczniesz je \u201enosi\u0107\u201d.<\/li>\n<\/ul>\n\n\n<div class=\"wp-block-image\">\n<figure class=\"aligncenter size-full\"><img loading=\"lazy\" decoding=\"async\" width=\"878\" height=\"878\" src=\"https:\/\/paoloperuzzi.it\/blog\/wp-content\/uploads\/2026\/04\/pasek-damski-skorzany-czarny-120-cm-ze-zlota-klamra-do-spodni-pg-02-blz.jpg\" alt=\"\" class=\"wp-image-1281\" srcset=\"https:\/\/paoloperuzzi.it\/blog\/wp-content\/uploads\/2026\/04\/pasek-damski-skorzany-czarny-120-cm-ze-zlota-klamra-do-spodni-pg-02-blz.jpg 878w, https:\/\/paoloperuzzi.it\/blog\/wp-content\/uploads\/2026\/04\/pasek-damski-skorzany-czarny-120-cm-ze-zlota-klamra-do-spodni-pg-02-blz-300x300.jpg 300w, https:\/\/paoloperuzzi.it\/blog\/wp-content\/uploads\/2026\/04\/pasek-damski-skorzany-czarny-120-cm-ze-zlota-klamra-do-spodni-pg-02-blz-150x150.jpg 150w, https:\/\/paoloperuzzi.it\/blog\/wp-content\/uploads\/2026\/04\/pasek-damski-skorzany-czarny-120-cm-ze-zlota-klamra-do-spodni-pg-02-blz-768x768.jpg 768w\" sizes=\"auto, (max-width: 878px) 100vw, 878px\" \/><figcaption class=\"wp-element-caption\"><a href=\"https:\/\/paoloperuzzi.it\/szukaj?controller=search&amp;s=PG-02-BLZ\">Pasek damski sk\u00f3rzany czarny ze z\u0142ot\u0105 klamr\u0105 Paolo Peruzzi pasek damski do spodni PG-02-BLZ<\/a><\/figcaption><\/figure>\n<\/div>\n\n\n<h3 class=\"wp-block-heading\">Br\u0105z i sk\u00f3ra: Naturalno\u015b\u0107, kt\u00f3ra uziemia<\/h3>\n\n\n\n<p>Je\u015bli Twoim wyzwaniem jest poczucie sztuczno\u015bci lub nadmierny stres, zwr\u00f3\u0107 si\u0119 ku barwom ziemi. <a href=\"https:\/\/paoloperuzzi.it\/ona\/78-paski-damskie?q=Kolor-Br%C4%85zowy\">Pasek damski br\u0105zowy<\/a> ma w sobie co\u015b z rzemie\u015blniczej autentyczno\u015bci. Psychologia koloru m\u00f3wi, \u017ce br\u0105z budzi zaufanie i poczucie bezpiecze\u0144stwa.<\/p>\n\n\n\n<p>Pasek damski br\u0105zowy sk\u00f3rzany od Paolo Peruzzi to inwestycja w dotyk natury. Sk\u00f3ra z czasem szlachetnieje, nabiera patyny \u2013 zupe\u0142nie jak my z wiekiem nabieramy do\u015bwiadczenia. Nosz\u0105c pasek do jeans\u00f3w damski w odcieniu koniaku lub gorzkiej czekolady, tworzysz look, kt\u00f3ry m\u00f3wi: \u201eCzuj\u0119 si\u0119 dobrze w swojej sk\u00f3rze\u201d. To idealny wyb\u00f3r na casualowe pi\u0105tki lub weekendowe wypady, gdzie chcesz czu\u0107 si\u0119 swobodnie, ale nie \u201erozlamlanie\u201d.<\/p>\n\n\n<div class=\"wp-block-image\">\n<figure class=\"aligncenter size-full\"><img loading=\"lazy\" decoding=\"async\" width=\"878\" height=\"878\" src=\"https:\/\/paoloperuzzi.it\/blog\/wp-content\/uploads\/2026\/04\/pasek-damski-110-cm-skorzany-brazowy-ze-srebrna-klamra-pg-01-brs-110.jpg\" alt=\"\" class=\"wp-image-1282\" srcset=\"https:\/\/paoloperuzzi.it\/blog\/wp-content\/uploads\/2026\/04\/pasek-damski-110-cm-skorzany-brazowy-ze-srebrna-klamra-pg-01-brs-110.jpg 878w, https:\/\/paoloperuzzi.it\/blog\/wp-content\/uploads\/2026\/04\/pasek-damski-110-cm-skorzany-brazowy-ze-srebrna-klamra-pg-01-brs-110-300x300.jpg 300w, https:\/\/paoloperuzzi.it\/blog\/wp-content\/uploads\/2026\/04\/pasek-damski-110-cm-skorzany-brazowy-ze-srebrna-klamra-pg-01-brs-110-150x150.jpg 150w, https:\/\/paoloperuzzi.it\/blog\/wp-content\/uploads\/2026\/04\/pasek-damski-110-cm-skorzany-brazowy-ze-srebrna-klamra-pg-01-brs-110-768x768.jpg 768w\" sizes=\"auto, (max-width: 878px) 100vw, 878px\" \/><figcaption class=\"wp-element-caption\"><a href=\"https:\/\/paoloperuzzi.it\/szukaj?controller=search&amp;s=PG-01-BRS\">Pasek damski sk\u00f3rzany br\u0105zowy ze srebrn\u0105 klamr\u0105 PG-01-BRS<\/a><\/figcaption><\/figure>\n<\/div>\n\n\n<h3 class=\"wp-block-heading\">Sukienka i kombinezon \u2013 definicja sylwetki na nowo<\/h3>\n\n\n\n<p>Wiele kobiet rezygnuje z sukienek o kroju litery A lub modnych kombinezon\u00f3w, boj\u0105c si\u0119, \u017ce materia\u0142 \u201ezabierze im figur\u0119\u201d. To b\u0142\u0105d! To w\u0142a\u015bnie tutaj pasek damski do sukienki gra g\u0142\u00f3wn\u0105 rol\u0119.<\/p>\n\n\n\n<ol start=\"1\" class=\"wp-block-list\">\n<li><strong>Lekko\u015b\u0107 i kontrast:<\/strong> Masz zwiewn\u0105, be\u017cow\u0105 kreacj\u0119? Pasek damski do sukienki be\u017cowy stworzy mononochromatyczny, wyd\u0142u\u017caj\u0105cy sylwetk\u0119 look (idealny dla niskich kobiet). Je\u015bli jednak chcesz mocno odci\u0105\u0107 tali\u0119 i optycznie j\u0105 wyszczupli\u0107, postaw na kontrastuj\u0105cy pasek damski sk\u00f3rzany.<\/li>\n\n\n\n<li><strong>Kombinezonowa rewolucja:<\/strong> Pasek damski do kombinezonu to cz\u0119sto element, kt\u00f3rego brakuje w zestawach sklepowych (cz\u0119sto do\u0142\u0105czane s\u0105 tanie, materia\u0142owe paski). Wymie\u0144 go na solidny pasek damski z klamr\u0105. Poczujesz r\u00f3\u017cnic\u0119 w ci\u0119\u017carze i jako\u015bci, co natychmiast prze\u0142o\u017cy si\u0119 na Twoj\u0105 postaw\u0119.<\/li>\n<\/ol>\n\n\n<div class=\"wp-block-image\">\n<figure class=\"aligncenter size-full\"><img loading=\"lazy\" decoding=\"async\" width=\"878\" height=\"878\" src=\"https:\/\/paoloperuzzi.it\/blog\/wp-content\/uploads\/2026\/01\/Pasek-damski-skorzany-do-spodni-waski-bezowy-licowy-zlota-klamra-PG-14-BZ.jpg\" alt=\"\" class=\"wp-image-1151\" srcset=\"https:\/\/paoloperuzzi.it\/blog\/wp-content\/uploads\/2026\/01\/Pasek-damski-skorzany-do-spodni-waski-bezowy-licowy-zlota-klamra-PG-14-BZ.jpg 878w, https:\/\/paoloperuzzi.it\/blog\/wp-content\/uploads\/2026\/01\/Pasek-damski-skorzany-do-spodni-waski-bezowy-licowy-zlota-klamra-PG-14-BZ-300x300.jpg 300w, https:\/\/paoloperuzzi.it\/blog\/wp-content\/uploads\/2026\/01\/Pasek-damski-skorzany-do-spodni-waski-bezowy-licowy-zlota-klamra-PG-14-BZ-150x150.jpg 150w, https:\/\/paoloperuzzi.it\/blog\/wp-content\/uploads\/2026\/01\/Pasek-damski-skorzany-do-spodni-waski-bezowy-licowy-zlota-klamra-PG-14-BZ-768x768.jpg 768w\" sizes=\"auto, (max-width: 878px) 100vw, 878px\" \/><figcaption class=\"wp-element-caption\"><a href=\"https:\/\/paoloperuzzi.it\/szukaj?controller=search&amp;s=PG-14-bz\">Pasek damski sk\u00f3rzany do spodni w\u0105ski be\u017cowy licowy z\u0142ota klamra PG-14-BZ<\/a><\/figcaption><\/figure>\n<\/div>\n\n\n<h3 class=\"wp-block-heading\">Pasek do jeans\u00f3w: Twoja codzienna tarcza<\/h3>\n\n\n\n<p>Jeansy to nasz mundur bojowy. Jednak bez odpowiedniego wyko\u0144czenia, nawet najdro\u017csze spodnie mog\u0105 wygl\u0105da\u0107 niechlujnie. Pasek damski do jeans\u00f3w pe\u0142ni funkcj\u0119 klamry spinaj\u0105cej ca\u0142\u0105 stylizacj\u0119.<\/p>\n\n\n\n<ul class=\"wp-block-list\">\n<li>Pasek do spodni damski nie musi by\u0107 tylko praktyczny. Wybieraj\u0105c model z solidn\u0105, ozdobn\u0105 klamr\u0105, odci\u0105gasz uwag\u0119 od ewentualnych mankament\u00f3w sylwetki, a skupiasz j\u0105 na stylowym detalu.<\/li>\n\n\n\n<li>Pami\u0119taj o zasadzie: im grubszy jeans, tym szerszy mo\u017ce by\u0107 pasek. Pasek do jeans\u00f3w damski o szeroko\u015bci 4 cm \u015bwietnie zr\u00f3wnowa\u017cy proporcje bioder.<\/li>\n<\/ul>\n\n\n\n<h3 class=\"wp-block-heading\">Jak wybra\u0107 pasek, kt\u00f3ry \u201ewyciszy\u201d kompleksy? Mini-poradnik<\/h3>\n\n\n\n<p>W Paolo Peruzzi wiemy, \u017ce diabe\u0142 tkwi w szczeg\u00f3\u0142ach. Aby pasek damski dzia\u0142a\u0142 na Twoj\u0105 korzy\u015b\u0107, musi by\u0107 dobrze dobrany:<\/p>\n\n\n\n<figure class=\"wp-block-table\"><table class=\"has-fixed-layout\"><tbody><tr><td class=\"has-text-align-left\" data-align=\"left\"><strong>Typ sylwetki<\/strong><\/td><td><strong>Sugerowany pasek<\/strong><\/td><td><strong>Efekt psychologiczny<\/strong><\/td><\/tr><tr><td class=\"has-text-align-left\" data-align=\"left\">Brak wci\u0119cia w talii<\/td><td>Szeroki <strong>pasek damski czarny<\/strong> na wysoko\u015bci p\u0119pka<\/td><td>Optyczne stworzenie talii osy, poczucie kobieco\u015bci.<\/td><\/tr><tr><td class=\"has-text-align-left\" data-align=\"left\">Niski wzrost<\/td><td>W\u0105ski <strong>pasek damski do sukienki be\u017cowy<\/strong><\/td><td>Wyd\u0142u\u017cenie sylwetki, brak \u201eprzeci\u0119cia\u201d figury na p\u00f3\u0142.<\/td><\/tr><tr><td class=\"has-text-align-left\" data-align=\"left\">Szerokie biodra<\/td><td>Klasyczny <strong>pasek damski br\u0105zowy sk\u00f3rzany<\/strong> w szlufkach<\/td><td>Skupienie uwagi na centrum cia\u0142a, stabilizacja postawy.<\/td><\/tr><tr><td class=\"has-text-align-left\" data-align=\"left\">Obfity biust<\/td><td>Cienki <strong>pasek damski do spodni<\/strong> noszony nieco ni\u017cej<\/td><td>Zr\u00f3wnowa\u017cenie ci\u0119\u017caru g\u00f3rnej partii cia\u0142a.<\/td><\/tr><\/tbody><\/table><\/figure>\n\n\n<div class=\"wp-block-image\">\n<figure class=\"aligncenter size-full\"><img loading=\"lazy\" decoding=\"async\" width=\"878\" height=\"878\" src=\"https:\/\/paoloperuzzi.it\/blog\/wp-content\/uploads\/2026\/01\/Pasek-damski-skorzany-100-cm-do-spodni-waski-czarny-croco-zlota-klamra-PG-12-CZBL.jpg\" alt=\"\" class=\"wp-image-1149\" srcset=\"https:\/\/paoloperuzzi.it\/blog\/wp-content\/uploads\/2026\/01\/Pasek-damski-skorzany-100-cm-do-spodni-waski-czarny-croco-zlota-klamra-PG-12-CZBL.jpg 878w, https:\/\/paoloperuzzi.it\/blog\/wp-content\/uploads\/2026\/01\/Pasek-damski-skorzany-100-cm-do-spodni-waski-czarny-croco-zlota-klamra-PG-12-CZBL-300x300.jpg 300w, https:\/\/paoloperuzzi.it\/blog\/wp-content\/uploads\/2026\/01\/Pasek-damski-skorzany-100-cm-do-spodni-waski-czarny-croco-zlota-klamra-PG-12-CZBL-150x150.jpg 150w, https:\/\/paoloperuzzi.it\/blog\/wp-content\/uploads\/2026\/01\/Pasek-damski-skorzany-100-cm-do-spodni-waski-czarny-croco-zlota-klamra-PG-12-CZBL-768x768.jpg 768w\" sizes=\"auto, (max-width: 878px) 100vw, 878px\" \/><figcaption class=\"wp-element-caption\"><a href=\"https:\/\/paoloperuzzi.it\/szukaj?controller=search&amp;s=PG-12-CZBL\">Pasek damski sk\u00f3rzany do spodni w\u0105ski czarny croco z\u0142ota klamra PG-12-CZBL<\/a><\/figcaption><\/figure>\n<\/div>\n\n\n<h3 class=\"wp-block-heading\">Rytua\u0142 zapinania paska<\/h3>\n\n\n\n<p>Psychologia behawioralna sugeruje, \u017ce ma\u0142e rytua\u0142y pomagaj\u0105 nam wej\u015b\u0107 w odpowiedni stan umys\u0142u. Potraktuj moment, w kt\u00f3rym zak\u0142adasz pasek damski sk\u00f3rzany, jako chwil\u0119 dla siebie.<\/p>\n\n\n\n<ol start=\"1\" class=\"wp-block-list\">\n<li>Zaci\u0105gnij go tak, by\u015b czu\u0142a wsparcie, ale mog\u0142a swobodnie oddycha\u0107.<\/li>\n\n\n\n<li>Popatrz w lustro.<\/li>\n\n\n\n<li>Zauwa\u017c, jak linia Twoich ramion naturalnie si\u0119 wyr\u00f3wnuje.<\/li>\n<\/ol>\n\n\n\n<p>To nie jest tylko kawa\u0142ek sk\u00f3ry. To sygna\u0142 dla Twojego pod\u015bwiadomego \u201eJa\u201d: <em>Jestem gotowa. Trzymam fason. Nic mnie dzi\u015b nie z\u0142amie.<\/em><\/p>\n\n\n\n<h3 class=\"wp-block-heading\">Zainwestuj w sw\u00f3j \u201eprzycisk Mute\u201d<\/h3>\n\n\n\n<p>Niezale\u017cnie od tego, czy wybierzesz klasyczny pasek do spodni damski czarny, czy postawisz na ciep\u0142y pasek damski br\u0105zowy, pami\u0119taj o jednym: jako\u015b\u0107 materia\u0142u ma znaczenie. Sztuczne tworzywa p\u0119kaj\u0105, rozwarstwiaj\u0105 si\u0119 i niszcz\u0105, co pod\u015bwiadomie mo\u017ce pot\u0119gowa\u0107 uczucie \u201erozpadania si\u0119\u201d stylizacji i braku pewno\u015bci.<\/p>\n\n\n\n<p>Pasek damski sk\u00f3rzany od Paolo Peruzzi to produkt na lata, kt\u00f3ry b\u0119dzie Ci towarzyszy\u0142 w najwa\u017cniejszych momentach \u2013 od rozm\u00f3w o prac\u0119 po pierwsze randki. Pozw\u00f3l, by jego solidno\u015b\u0107 sta\u0142a si\u0119 Twoj\u0105 solidno\u015bci\u0105. \u015aci\u015bnij tali\u0119, wyprostuj plecy i wycisz kompleksy raz na zawsze. Twoja postawa m\u00f3wi o Tobie wi\u0119cej ni\u017c tysi\u0105c s\u0142\u00f3w \u2013 upewnij si\u0119, \u017ce m\u00f3wi: \u201eJestem pewna siebie\u201d.<\/p>\n","protected":false},"excerpt":{"rendered":"<p>Czy kiedykolwiek zastanawia\u0142a\u015b si\u0119, dlaczego superbohaterowie zawsze maj\u0105 wyra\u017anie zaznaczon\u0105 tali\u0119? Batman, Wonder Woman czy Superman nie nosz\u0105 pas\u00f3w wy\u0142\u0105cznie po to, by podtrzyma\u0107 ekwipunek. Pasek to w ich przypadku symbol gotowo\u015bci, si\u0142y i trzymania wszystkiego w ryzach. W psychologii ubioru to, co zak\u0142adamy, bezpo\u015brednio ma wp\u0142ywa na nasze procesy poznawcze i spos\u00f3b, w jaki [&hellip;]<\/p>\n","protected":false},"author":2,"featured_media":1283,"comment_status":"open","ping_status":"open","sticky":false,"template":"","format":"standard","meta":{"footnotes":""},"categories":[480,481,493,494],"tags":[48,216,539,601,599,600,590,40,471],"class_list":["post-1280","post","type-post","status-publish","format-standard","has-post-thumbnail","hentry","category-moda-damska","category-paski-damskie","category-poradniki","category-stylizacje","tag-galanteria-skorzana","tag-moda-damska","tag-pasek-damski","tag-pasek-damski-do-jeansow","tag-pasek-damski-do-spodni","tag-pasek-damski-do-sukienki","tag-pasek-damski-skorzany","tag-pasek-skorzany","tag-trendy-modowe"],"yoast_head":"<!-- This site is optimized with the Yoast SEO plugin v26.7 - https:\/\/yoast.com\/wordpress\/plugins\/seo\/ -->\n<title>Pasek jako przycisk \u201eMute\u201d na Twoje kompleksy: Jak \u015bcisn\u0105\u0107 tali\u0119, by poczu\u0107 si\u0119 pewniej? - Blog PaoloPeruzzi.it<\/title>\n<meta name=\"description\" content=\"Dzi\u015b przyjrzymy si\u0119 akcesorium, kt\u00f3re cz\u0119sto traktujemy po macoszemu. Czas odczarowa\u0107 pasek damski i sprawdzi\u0107, jak ten niewielki kawa\u0142ek sk\u00f3ry mo\u017ce sta\u0107 si\u0119 Twoim osobistym przyciskiem \u201ewycisz\u201d na natr\u0119tne kompleksy.\" \/>\n<meta name=\"robots\" content=\"index, follow, max-snippet:-1, max-image-preview:large, max-video-preview:-1\" \/>\n<link rel=\"canonical\" href=\"https:\/\/paoloperuzzi.it\/blog\/pasek-jako-przycisk-mute-na-twoje-kompleksy-jak-scisnac-talie-by-poczuc-sie-pewniej.html\" \/>\n<meta property=\"og:locale\" content=\"pl_PL\" \/>\n<meta property=\"og:type\" content=\"article\" \/>\n<meta property=\"og:title\" content=\"Pasek jako przycisk \u201eMute\u201d na Twoje kompleksy: Jak \u015bcisn\u0105\u0107 tali\u0119, by poczu\u0107 si\u0119 pewniej? - Blog PaoloPeruzzi.it\" \/>\n<meta property=\"og:description\" content=\"Dzi\u015b przyjrzymy si\u0119 akcesorium, kt\u00f3re cz\u0119sto traktujemy po macoszemu. Czas odczarowa\u0107 pasek damski i sprawdzi\u0107, jak ten niewielki kawa\u0142ek sk\u00f3ry mo\u017ce sta\u0107 si\u0119 Twoim osobistym przyciskiem \u201ewycisz\u201d na natr\u0119tne kompleksy.\" \/>\n<meta property=\"og:url\" content=\"https:\/\/paoloperuzzi.it\/blog\/pasek-jako-przycisk-mute-na-twoje-kompleksy-jak-scisnac-talie-by-poczuc-sie-pewniej.html\" \/>\n<meta property=\"og:site_name\" content=\"Blog PaoloPeruzzi.it\" \/>\n<meta property=\"article:publisher\" content=\"https:\/\/www.facebook.com\/paoloperuzzishop\" \/>\n<meta property=\"article:published_time\" content=\"2026-04-27T14:18:32+00:00\" \/>\n<meta property=\"article:modified_time\" content=\"2026-04-27T14:18:33+00:00\" \/>\n<meta property=\"og:image\" content=\"https:\/\/paoloperuzzi.it\/blog\/wp-content\/uploads\/2026\/04\/BLOG-PP.jpg\" \/>\n\t<meta property=\"og:image:width\" content=\"1800\" \/>\n\t<meta property=\"og:image:height\" content=\"1200\" \/>\n\t<meta property=\"og:image:type\" content=\"image\/jpeg\" \/>\n<meta name=\"author\" content=\"Milena\" \/>\n<meta name=\"twitter:card\" content=\"summary_large_image\" \/>\n<meta name=\"twitter:label1\" content=\"Napisane przez\" \/>\n\t<meta name=\"twitter:data1\" content=\"Milena\" \/>\n\t<meta name=\"twitter:label2\" content=\"Szacowany czas czytania\" \/>\n\t<meta name=\"twitter:data2\" content=\"7 minut\" \/>\n<script type=\"application\/ld+json\" class=\"yoast-schema-graph\">{\"@context\":\"https:\/\/schema.org\",\"@graph\":[{\"@type\":\"Article\",\"@id\":\"https:\/\/paoloperuzzi.it\/blog\/pasek-jako-przycisk-mute-na-twoje-kompleksy-jak-scisnac-talie-by-poczuc-sie-pewniej.html#article\",\"isPartOf\":{\"@id\":\"https:\/\/paoloperuzzi.it\/blog\/pasek-jako-przycisk-mute-na-twoje-kompleksy-jak-scisnac-talie-by-poczuc-sie-pewniej.html\"},\"author\":{\"name\":\"Milena\",\"@id\":\"https:\/\/paoloperuzzi.it\/blog\/#\/schema\/person\/03c63ed1eece9d068487903983beecf0\"},\"headline\":\"Pasek jako przycisk \u201eMute\u201d na Twoje kompleksy: Jak \u015bcisn\u0105\u0107 tali\u0119, by poczu\u0107 si\u0119 pewniej?\",\"datePublished\":\"2026-04-27T14:18:32+00:00\",\"dateModified\":\"2026-04-27T14:18:33+00:00\",\"mainEntityOfPage\":{\"@id\":\"https:\/\/paoloperuzzi.it\/blog\/pasek-jako-przycisk-mute-na-twoje-kompleksy-jak-scisnac-talie-by-poczuc-sie-pewniej.html\"},\"wordCount\":1110,\"commentCount\":0,\"image\":{\"@id\":\"https:\/\/paoloperuzzi.it\/blog\/pasek-jako-przycisk-mute-na-twoje-kompleksy-jak-scisnac-talie-by-poczuc-sie-pewniej.html#primaryimage\"},\"thumbnailUrl\":\"https:\/\/paoloperuzzi.it\/blog\/wp-content\/uploads\/2026\/04\/BLOG-PP.jpg\",\"keywords\":[\"galanteria sk\u00f3rzana\",\"moda damska\",\"pasek damski\",\"pasek damski do jeans\u00f3w\",\"pasek damski do spodni\",\"pasek damski do sukienki\",\"pasek damski sk\u00f3rzany\",\"pasek sk\u00f3rzany\",\"trendy modowe\"],\"articleSection\":[\"Moda damska\",\"Paski damskie\",\"Poradniki\",\"Stylizacje\"],\"inLanguage\":\"pl-PL\",\"potentialAction\":[{\"@type\":\"CommentAction\",\"name\":\"Comment\",\"target\":[\"https:\/\/paoloperuzzi.it\/blog\/pasek-jako-przycisk-mute-na-twoje-kompleksy-jak-scisnac-talie-by-poczuc-sie-pewniej.html#respond\"]}]},{\"@type\":\"WebPage\",\"@id\":\"https:\/\/paoloperuzzi.it\/blog\/pasek-jako-przycisk-mute-na-twoje-kompleksy-jak-scisnac-talie-by-poczuc-sie-pewniej.html\",\"url\":\"https:\/\/paoloperuzzi.it\/blog\/pasek-jako-przycisk-mute-na-twoje-kompleksy-jak-scisnac-talie-by-poczuc-sie-pewniej.html\",\"name\":\"Pasek jako przycisk \u201eMute\u201d na Twoje kompleksy: Jak \u015bcisn\u0105\u0107 tali\u0119, by poczu\u0107 si\u0119 pewniej? - Blog PaoloPeruzzi.it\",\"isPartOf\":{\"@id\":\"https:\/\/paoloperuzzi.it\/blog\/#website\"},\"primaryImageOfPage\":{\"@id\":\"https:\/\/paoloperuzzi.it\/blog\/pasek-jako-przycisk-mute-na-twoje-kompleksy-jak-scisnac-talie-by-poczuc-sie-pewniej.html#primaryimage\"},\"image\":{\"@id\":\"https:\/\/paoloperuzzi.it\/blog\/pasek-jako-przycisk-mute-na-twoje-kompleksy-jak-scisnac-talie-by-poczuc-sie-pewniej.html#primaryimage\"},\"thumbnailUrl\":\"https:\/\/paoloperuzzi.it\/blog\/wp-content\/uploads\/2026\/04\/BLOG-PP.jpg\",\"datePublished\":\"2026-04-27T14:18:32+00:00\",\"dateModified\":\"2026-04-27T14:18:33+00:00\",\"author\":{\"@id\":\"https:\/\/paoloperuzzi.it\/blog\/#\/schema\/person\/03c63ed1eece9d068487903983beecf0\"},\"description\":\"Dzi\u015b przyjrzymy si\u0119 akcesorium, kt\u00f3re cz\u0119sto traktujemy po macoszemu. Czas odczarowa\u0107 pasek damski i sprawdzi\u0107, jak ten niewielki kawa\u0142ek sk\u00f3ry mo\u017ce sta\u0107 si\u0119 Twoim osobistym przyciskiem \u201ewycisz\u201d na natr\u0119tne kompleksy.\",\"breadcrumb\":{\"@id\":\"https:\/\/paoloperuzzi.it\/blog\/pasek-jako-przycisk-mute-na-twoje-kompleksy-jak-scisnac-talie-by-poczuc-sie-pewniej.html#breadcrumb\"},\"inLanguage\":\"pl-PL\",\"potentialAction\":[{\"@type\":\"ReadAction\",\"target\":[\"https:\/\/paoloperuzzi.it\/blog\/pasek-jako-przycisk-mute-na-twoje-kompleksy-jak-scisnac-talie-by-poczuc-sie-pewniej.html\"]}]},{\"@type\":\"ImageObject\",\"inLanguage\":\"pl-PL\",\"@id\":\"https:\/\/paoloperuzzi.it\/blog\/pasek-jako-przycisk-mute-na-twoje-kompleksy-jak-scisnac-talie-by-poczuc-sie-pewniej.html#primaryimage\",\"url\":\"https:\/\/paoloperuzzi.it\/blog\/wp-content\/uploads\/2026\/04\/BLOG-PP.jpg\",\"contentUrl\":\"https:\/\/paoloperuzzi.it\/blog\/wp-content\/uploads\/2026\/04\/BLOG-PP.jpg\",\"width\":1800,\"height\":1200},{\"@type\":\"BreadcrumbList\",\"@id\":\"https:\/\/paoloperuzzi.it\/blog\/pasek-jako-przycisk-mute-na-twoje-kompleksy-jak-scisnac-talie-by-poczuc-sie-pewniej.html#breadcrumb\",\"itemListElement\":[{\"@type\":\"ListItem\",\"position\":1,\"name\":\"Strona g\u0142\u00f3wna\",\"item\":\"https:\/\/paoloperuzzi.it\/blog\"},{\"@type\":\"ListItem\",\"position\":2,\"name\":\"Pasek jako przycisk \u201eMute\u201d na Twoje kompleksy: Jak \u015bcisn\u0105\u0107 tali\u0119, by poczu\u0107 si\u0119 pewniej?\"}]},{\"@type\":\"WebSite\",\"@id\":\"https:\/\/paoloperuzzi.it\/blog\/#website\",\"url\":\"https:\/\/paoloperuzzi.it\/blog\/\",\"name\":\"Blog PaoloPeruzzi.it\",\"description\":\"\",\"potentialAction\":[{\"@type\":\"SearchAction\",\"target\":{\"@type\":\"EntryPoint\",\"urlTemplate\":\"https:\/\/paoloperuzzi.it\/blog\/?s={search_term_string}\"},\"query-input\":{\"@type\":\"PropertyValueSpecification\",\"valueRequired\":true,\"valueName\":\"search_term_string\"}}],\"inLanguage\":\"pl-PL\"},{\"@type\":\"Person\",\"@id\":\"https:\/\/paoloperuzzi.it\/blog\/#\/schema\/person\/03c63ed1eece9d068487903983beecf0\",\"name\":\"Milena\",\"image\":{\"@type\":\"ImageObject\",\"inLanguage\":\"pl-PL\",\"@id\":\"https:\/\/paoloperuzzi.it\/blog\/#\/schema\/person\/image\/\",\"url\":\"https:\/\/paoloperuzzi.it\/blog\/wp-content\/litespeed\/avatar\/8c733c012bbfabc34e6b8fbea81df64c.jpg?ver=1777062855\",\"contentUrl\":\"https:\/\/paoloperuzzi.it\/blog\/wp-content\/litespeed\/avatar\/8c733c012bbfabc34e6b8fbea81df64c.jpg?ver=1777062855\",\"caption\":\"Milena\"},\"url\":\"https:\/\/paoloperuzzi.it\/blog\/author\/milena-kraft\"}]}<\/script>\n<!-- \/ Yoast SEO plugin. -->","yoast_head_json":{"title":"Pasek jako przycisk \u201eMute\u201d na Twoje kompleksy: Jak \u015bcisn\u0105\u0107 tali\u0119, by poczu\u0107 si\u0119 pewniej? - Blog PaoloPeruzzi.it","description":"Dzi\u015b przyjrzymy si\u0119 akcesorium, kt\u00f3re cz\u0119sto traktujemy po macoszemu. Czas odczarowa\u0107 pasek damski i sprawdzi\u0107, jak ten niewielki kawa\u0142ek sk\u00f3ry mo\u017ce sta\u0107 si\u0119 Twoim osobistym przyciskiem \u201ewycisz\u201d na natr\u0119tne kompleksy.","robots":{"index":"index","follow":"follow","max-snippet":"max-snippet:-1","max-image-preview":"max-image-preview:large","max-video-preview":"max-video-preview:-1"},"canonical":"https:\/\/paoloperuzzi.it\/blog\/pasek-jako-przycisk-mute-na-twoje-kompleksy-jak-scisnac-talie-by-poczuc-sie-pewniej.html","og_locale":"pl_PL","og_type":"article","og_title":"Pasek jako przycisk \u201eMute\u201d na Twoje kompleksy: Jak \u015bcisn\u0105\u0107 tali\u0119, by poczu\u0107 si\u0119 pewniej? - Blog PaoloPeruzzi.it","og_description":"Dzi\u015b przyjrzymy si\u0119 akcesorium, kt\u00f3re cz\u0119sto traktujemy po macoszemu. Czas odczarowa\u0107 pasek damski i sprawdzi\u0107, jak ten niewielki kawa\u0142ek sk\u00f3ry mo\u017ce sta\u0107 si\u0119 Twoim osobistym przyciskiem \u201ewycisz\u201d na natr\u0119tne kompleksy.","og_url":"https:\/\/paoloperuzzi.it\/blog\/pasek-jako-przycisk-mute-na-twoje-kompleksy-jak-scisnac-talie-by-poczuc-sie-pewniej.html","og_site_name":"Blog PaoloPeruzzi.it","article_publisher":"https:\/\/www.facebook.com\/paoloperuzzishop","article_published_time":"2026-04-27T14:18:32+00:00","article_modified_time":"2026-04-27T14:18:33+00:00","og_image":[{"width":1800,"height":1200,"url":"https:\/\/paoloperuzzi.it\/blog\/wp-content\/uploads\/2026\/04\/BLOG-PP.jpg","type":"image\/jpeg"}],"author":"Milena","twitter_card":"summary_large_image","twitter_misc":{"Napisane przez":"Milena","Szacowany czas czytania":"7 minut"},"schema":{"@context":"https:\/\/schema.org","@graph":[{"@type":"Article","@id":"https:\/\/paoloperuzzi.it\/blog\/pasek-jako-przycisk-mute-na-twoje-kompleksy-jak-scisnac-talie-by-poczuc-sie-pewniej.html#article","isPartOf":{"@id":"https:\/\/paoloperuzzi.it\/blog\/pasek-jako-przycisk-mute-na-twoje-kompleksy-jak-scisnac-talie-by-poczuc-sie-pewniej.html"},"author":{"name":"Milena","@id":"https:\/\/paoloperuzzi.it\/blog\/#\/schema\/person\/03c63ed1eece9d068487903983beecf0"},"headline":"Pasek jako przycisk \u201eMute\u201d na Twoje kompleksy: Jak \u015bcisn\u0105\u0107 tali\u0119, by poczu\u0107 si\u0119 pewniej?","datePublished":"2026-04-27T14:18:32+00:00","dateModified":"2026-04-27T14:18:33+00:00","mainEntityOfPage":{"@id":"https:\/\/paoloperuzzi.it\/blog\/pasek-jako-przycisk-mute-na-twoje-kompleksy-jak-scisnac-talie-by-poczuc-sie-pewniej.html"},"wordCount":1110,"commentCount":0,"image":{"@id":"https:\/\/paoloperuzzi.it\/blog\/pasek-jako-przycisk-mute-na-twoje-kompleksy-jak-scisnac-talie-by-poczuc-sie-pewniej.html#primaryimage"},"thumbnailUrl":"https:\/\/paoloperuzzi.it\/blog\/wp-content\/uploads\/2026\/04\/BLOG-PP.jpg","keywords":["galanteria sk\u00f3rzana","moda damska","pasek damski","pasek damski do jeans\u00f3w","pasek damski do spodni","pasek damski do sukienki","pasek damski sk\u00f3rzany","pasek sk\u00f3rzany","trendy modowe"],"articleSection":["Moda damska","Paski damskie","Poradniki","Stylizacje"],"inLanguage":"pl-PL","potentialAction":[{"@type":"CommentAction","name":"Comment","target":["https:\/\/paoloperuzzi.it\/blog\/pasek-jako-przycisk-mute-na-twoje-kompleksy-jak-scisnac-talie-by-poczuc-sie-pewniej.html#respond"]}]},{"@type":"WebPage","@id":"https:\/\/paoloperuzzi.it\/blog\/pasek-jako-przycisk-mute-na-twoje-kompleksy-jak-scisnac-talie-by-poczuc-sie-pewniej.html","url":"https:\/\/paoloperuzzi.it\/blog\/pasek-jako-przycisk-mute-na-twoje-kompleksy-jak-scisnac-talie-by-poczuc-sie-pewniej.html","name":"Pasek jako przycisk \u201eMute\u201d na Twoje kompleksy: Jak \u015bcisn\u0105\u0107 tali\u0119, by poczu\u0107 si\u0119 pewniej? - Blog PaoloPeruzzi.it","isPartOf":{"@id":"https:\/\/paoloperuzzi.it\/blog\/#website"},"primaryImageOfPage":{"@id":"https:\/\/paoloperuzzi.it\/blog\/pasek-jako-przycisk-mute-na-twoje-kompleksy-jak-scisnac-talie-by-poczuc-sie-pewniej.html#primaryimage"},"image":{"@id":"https:\/\/paoloperuzzi.it\/blog\/pasek-jako-przycisk-mute-na-twoje-kompleksy-jak-scisnac-talie-by-poczuc-sie-pewniej.html#primaryimage"},"thumbnailUrl":"https:\/\/paoloperuzzi.it\/blog\/wp-content\/uploads\/2026\/04\/BLOG-PP.jpg","datePublished":"2026-04-27T14:18:32+00:00","dateModified":"2026-04-27T14:18:33+00:00","author":{"@id":"https:\/\/paoloperuzzi.it\/blog\/#\/schema\/person\/03c63ed1eece9d068487903983beecf0"},"description":"Dzi\u015b przyjrzymy si\u0119 akcesorium, kt\u00f3re cz\u0119sto traktujemy po macoszemu. Czas odczarowa\u0107 pasek damski i sprawdzi\u0107, jak ten niewielki kawa\u0142ek sk\u00f3ry mo\u017ce sta\u0107 si\u0119 Twoim osobistym przyciskiem \u201ewycisz\u201d na natr\u0119tne kompleksy.","breadcrumb":{"@id":"https:\/\/paoloperuzzi.it\/blog\/pasek-jako-przycisk-mute-na-twoje-kompleksy-jak-scisnac-talie-by-poczuc-sie-pewniej.html#breadcrumb"},"inLanguage":"pl-PL","potentialAction":[{"@type":"ReadAction","target":["https:\/\/paoloperuzzi.it\/blog\/pasek-jako-przycisk-mute-na-twoje-kompleksy-jak-scisnac-talie-by-poczuc-sie-pewniej.html"]}]},{"@type":"ImageObject","inLanguage":"pl-PL","@id":"https:\/\/paoloperuzzi.it\/blog\/pasek-jako-przycisk-mute-na-twoje-kompleksy-jak-scisnac-talie-by-poczuc-sie-pewniej.html#primaryimage","url":"https:\/\/paoloperuzzi.it\/blog\/wp-content\/uploads\/2026\/04\/BLOG-PP.jpg","contentUrl":"https:\/\/paoloperuzzi.it\/blog\/wp-content\/uploads\/2026\/04\/BLOG-PP.jpg","width":1800,"height":1200},{"@type":"BreadcrumbList","@id":"https:\/\/paoloperuzzi.it\/blog\/pasek-jako-przycisk-mute-na-twoje-kompleksy-jak-scisnac-talie-by-poczuc-sie-pewniej.html#breadcrumb","itemListElement":[{"@type":"ListItem","position":1,"name":"Strona g\u0142\u00f3wna","item":"https:\/\/paoloperuzzi.it\/blog"},{"@type":"ListItem","position":2,"name":"Pasek jako przycisk \u201eMute\u201d na Twoje kompleksy: Jak \u015bcisn\u0105\u0107 tali\u0119, by poczu\u0107 si\u0119 pewniej?"}]},{"@type":"WebSite","@id":"https:\/\/paoloperuzzi.it\/blog\/#website","url":"https:\/\/paoloperuzzi.it\/blog\/","name":"Blog PaoloPeruzzi.it","description":"","potentialAction":[{"@type":"SearchAction","target":{"@type":"EntryPoint","urlTemplate":"https:\/\/paoloperuzzi.it\/blog\/?s={search_term_string}"},"query-input":{"@type":"PropertyValueSpecification","valueRequired":true,"valueName":"search_term_string"}}],"inLanguage":"pl-PL"},{"@type":"Person","@id":"https:\/\/paoloperuzzi.it\/blog\/#\/schema\/person\/03c63ed1eece9d068487903983beecf0","name":"Milena","image":{"@type":"ImageObject","inLanguage":"pl-PL","@id":"https:\/\/paoloperuzzi.it\/blog\/#\/schema\/person\/image\/","url":"https:\/\/paoloperuzzi.it\/blog\/wp-content\/litespeed\/avatar\/8c733c012bbfabc34e6b8fbea81df64c.jpg?ver=1777062855","contentUrl":"https:\/\/paoloperuzzi.it\/blog\/wp-content\/litespeed\/avatar\/8c733c012bbfabc34e6b8fbea81df64c.jpg?ver=1777062855","caption":"Milena"},"url":"https:\/\/paoloperuzzi.it\/blog\/author\/milena-kraft"}]}},"_links":{"self":[{"href":"https:\/\/paoloperuzzi.it\/blog\/wp-json\/wp\/v2\/posts\/1280","targetHints":{"allow":["GET"]}}],"collection":[{"href":"https:\/\/paoloperuzzi.it\/blog\/wp-json\/wp\/v2\/posts"}],"about":[{"href":"https:\/\/paoloperuzzi.it\/blog\/wp-json\/wp\/v2\/types\/post"}],"author":[{"embeddable":true,"href":"https:\/\/paoloperuzzi.it\/blog\/wp-json\/wp\/v2\/users\/2"}],"replies":[{"embeddable":true,"href":"https:\/\/paoloperuzzi.it\/blog\/wp-json\/wp\/v2\/comments?post=1280"}],"version-history":[{"count":1,"href":"https:\/\/paoloperuzzi.it\/blog\/wp-json\/wp\/v2\/posts\/1280\/revisions"}],"predecessor-version":[{"id":1284,"href":"https:\/\/paoloperuzzi.it\/blog\/wp-json\/wp\/v2\/posts\/1280\/revisions\/1284"}],"wp:featuredmedia":[{"embeddable":true,"href":"https:\/\/paoloperuzzi.it\/blog\/wp-json\/wp\/v2\/media\/1283"}],"wp:attachment":[{"href":"https:\/\/paoloperuzzi.it\/blog\/wp-json\/wp\/v2\/media?parent=1280"}],"wp:term":[{"taxonomy":"category","embeddable":true,"href":"https:\/\/paoloperuzzi.it\/blog\/wp-json\/wp\/v2\/categories?post=1280"},{"taxonomy":"post_tag","embeddable":true,"href":"https:\/\/paoloperuzzi.it\/blog\/wp-json\/wp\/v2\/tags?post=1280"}],"curies":[{"name":"wp","href":"https:\/\/api.w.org\/{rel}","templated":true}]}}